{"id":1584,"date":"2018-01-02T12:15:49","date_gmt":"2018-01-02T12:15:49","guid":{"rendered":"http:\/\/bannatynejoyeros.com\/?p=532"},"modified":"2018-01-02T12:15:49","modified_gmt":"2018-01-02T12:15:49","slug":"entrevista-juan-pablo-bannatyne","status":"publish","type":"post","link":"https:\/\/bannatynejoyeros.com\/blog\/entrevista-juan-pablo-bannatyne\/","title":{"rendered":"Entrevista a Juan Pablo Bannatyne"},"content":{"rendered":"<h3>Entrevista a <strong>Juan Pablo Bannatyne<\/strong> propietario Joyer\u00eda Bannatyne<\/h3>\n<h5>Hoy queremos compartir con vosotros, la entrevista que han realizada a <strong>Juan Pablo Bannatyne<\/strong> en el Diario Monta\u00f1\u00e9s.<\/h5>\n<p>En la que el propietarios de la joyer\u00eda habla de la esquina que formaban Presmanes y Mafor como referente en Santander y de las nuevas joyer\u00edas de <strong>Bannatyne<\/strong> en Santander y Madrid.<!--more--><\/p>\n<p>Despu\u00e9s de 183 a\u00f1os de alta joyer\u00eda y con cinco generaciones de joyeros al frente, la prestigiosa firma santanderina Presmanes cerr\u00f3 la persiana el pasado mes de septiembre, Juan Pablo Bannatyne (Santander,1947), descendiente de sus fundadores y gerente durante 25 a\u00f1os, admite que habr\u00eda deseado no haber cerrado, pero reconoce que fue algo necesario pues \u00ablas familias va creciendo\u00bb.<br \/>\nPor su parte, Juan Pablo comenta que evita pasar por la esquina de la avenida de Calvo Sotelo con Lealtad, que tantos a\u00f1os acogi\u00f3 la elegante firma. Nostalgias a un lado, se muestra ilusionado con la reciente apertura en Madrid y en Santander de la Joyer\u00eda Bannatyne \u00abla continuidad de Presemanes\u00bb<\/p>\n<ul>\n<li><strong>Cuales son sus recuerdos de infancia en la joyer\u00eda?<\/strong><\/li>\n<\/ul>\n<p>Recuerdo como si fuera ayer cuando acompa\u00f1aba\u00a0 de ni\u00f1o a mi padre a su despacho, me fascinaba observarlo todo. Estudi\u00e9 en los Escolapios y a los 18 a\u00f1os mi padre me dijo que me pusiera a trabajar con \u00e9l en la joyer\u00eda. De diez hermanos, s\u00f3lo a m\u00ed me pic\u00f3 el gusanillo de la joyer\u00eda.<\/p>\n<ul>\n<li><strong>\u00bfY c\u00f3mo era trabajar con Santiago Bannatyne Presmanes?<\/strong><\/li>\n<\/ul>\n<p>Mi padre fue un gran ejemplo u aprend\u00ed much\u00edsimo de \u00e9l, sobre todo su tes\u00f3n y su trato al publico, que era siempre excepcional. Con los de la casa s\u00ed que era m\u00e1s duro (sonr\u00ede y gui\u00f1a un ojo). De este negocio, la parte con la que m\u00e1s disfruto, al igual que hac\u00eda \u00e9l, es con la de atender a los amigos; porque mis clientes son en realidad amigos, gente de mi entorno y familias amigos desde hace varias generaciones. Eso s\u00ed, mi padre siempre insist\u00eda en dar el mismo trato a todo el mundo.<\/p>\n<ul>\n<li><strong>\u00bfCuando toma usted el relevo en la gerencia del negocio?<\/strong><\/li>\n<\/ul>\n<p>Cuando mi padre falleci\u00f3 en el a\u00f1o 1992. Desde entonces pas\u00e9 a ocupar la gerencia&#8230; y han sido 25 a\u00f1os.<\/p>\n<ul>\n<li><strong>\u00bfCual ha sido la joya que m\u00e1s le ha sorprendido?<\/strong><\/li>\n<\/ul>\n<p>Hemos viajado mucho para comprar piezas en Amberes, la ciudad de los diamantes, y hemos acudido tambi\u00e9n a ferias; la m\u00e1s importante es la de Basilea, en Suiza, o la de Sud\u00e1frica&#8230; Son muchas las piezas antiguas que me han fascinado. Pero la que m\u00e1s me sorprendi\u00f3, por su pureza y por su color extraordinario, fue un diamante de diez quilates en tonos rosas; una pieza muy dif\u00edcil de ver.<img fetchpriority=\"high\" decoding=\"async\" class=\"wp-image-544 alignright\" src=\"http:\/\/bannatynejoyeros.com\/wp-content\/uploads\/2018\/02\/Image-uploaded-from-iOS-16-230x300.jpg\" alt=\"\" width=\"313\" height=\"408\" \/><\/p>\n<ul>\n<li><strong>\u00bfCu\u00e1l es la decisi\u00f3n m\u00e1s dif\u00edcil que ha tenido que tomar?<\/strong><\/li>\n<\/ul>\n<p>Sin duda tener que cerrar el ciclo de la Joyer\u00eda Presmanes; ha sido lo m\u00e1s duro de mi vida. Me gustar\u00eda no haberlo hecho, aunque reconozco que era necesario. Cuando las familias van creciendo tanto es la mejor soluci\u00f3n y los socios as\u00ed lo acordamos.<\/p>\n<blockquote>\n<h5><em>Tras 25 a\u00f1os en la gerencia de la joyer\u00eda m\u00e1s antigua del pa\u00eds, evitar pasar por la uni\u00f3n de Calvo Sotelo con Lealtad porque la tristeza le sobrecoge<\/em><\/h5>\n<\/blockquote>\n<ul>\n<li><strong>\u00bfEcha en falta el ambiente ingl\u00e9s de Presmanes?<\/strong><\/li>\n<\/ul>\n<p>S\u00ed, much\u00edsimo, por eso intento no pasar por la esquina de Calvo Sotelo con Lealtad. Me da mucha pena y, si paso por delante, casi ni miro. Imaginarme una entrada diferente a la nuestra, tan tradicional, me da mucha tristeza. Del interior de casta\u00f1o, hemos conservado algunas piezas que tenemos en casa, como l\u00e1mparas, faroles, mesas isabelinas o el cuadro de la Reina Victoria Eugenia saliendo de la Joyer\u00eda.<\/p>\n<ul>\n<li><strong>\u00bfQu\u00e9 opina del cambio en el comercio de Santander?<\/strong><\/li>\n<\/ul>\n<p>Siento mucha nostalgia y siempre echar\u00e9 en falta a la relevancia que tuvo la esquina de Mafor y Presmanes juntos. Esa uni\u00f3n se convirti\u00f3 en una referencia en toda Espa\u00f1a, cada uno en su sector. Desaparecieron, primero uno y despu\u00e9s el otro, pero entiendo que es consecuencia del mundo actual, en el que el negocio tradicional ha cambiado.<\/p>\n<ul>\n<li><strong>Bannatyne es la heredera de Presmanes. \u00bfQu\u00e9 aires nuevos presenta esta joyer\u00eda?<\/strong><\/li>\n<\/ul>\n<p>La Joyer\u00eda Bannatyne es la continuidad de Presmanes y, como tal, lo m\u00e1s importante es que seguimos manteniendo nuestro taller, de una gran tradici\u00f3n y en el que trabajan joyeros expertos dedicados al dise\u00f1o exclusivo de joyas personalizadas para nuestros clientes. Un trabajo minucioso que busca siempre dise\u00f1os muy actuales y \u00daltimas tendencias. Mantenemos la alta joyer\u00eda y alta relojer\u00eda con presencia de las primeras marcas en sus respectivos sectores. Contamos con Pomellato, DoDo, Vhernier o Nardi y, en relojes, Bvlgari, Cartier, IWC, Hublot, Patek Philippe, etc. Todas estas marcas tienen mucha fuerza, calidad y dise\u00f1o y en su d\u00eda fueron innovadoras. En esta nueva estapa hemos prescindido de art\u00edculos de regalo y apostamos fuerte por la presencia online y las redes sociales.<\/p>\n<ul>\n<li><strong>\u00bfC\u00f3mo surgi\u00f3 la colaboraci\u00f3n con la dise\u00f1adora Odette?<\/strong><\/li>\n<\/ul>\n<p>Odette \u00c1lvarez es amiga, clienta y una brillante dise\u00f1adora\u00a0 con mucha proyecci\u00f3n . Trabajar con ella es una suerte. Tiene mucha fuerza y es una visionaria. Da gusto estar con ella. La colecci\u00f3n ya est\u00e1 fabricada y la intenci\u00f3n es sacarla a la venta en breve.<\/p>\n<ul>\n<li><strong>Acaban de abrir en Madrid, en la calle Serrano, \u00bfle da v\u00e9rtigo?<\/strong><\/li>\n<\/ul>\n<p>Tener pie en Madrid era una ilusi\u00f3n desde hace mucho tiempo. Por fin\u00a0 se han dado las circunstancias oportunas y hemos encontrado un local perfecto en el n\u00famero <strong>56 de la calle Serrano<\/strong>. Quer\u00edamos estar en Madrid para poder atender a clientes que residen all\u00ed y que est\u00e1n muy vinculados a Santander. Madrid es ciudad de paso, y tambi\u00e9n as\u00ed podemos atender a clientes de toda Espa\u00f1a.<\/p>\n<ul>\n<li><strong>\u00bfQue hace en su tiempo libre?<\/strong><\/li>\n<\/ul>\n<p>Tengo muy poco tiempo libre porque paso todas las horas del d\u00eda aqu\u00ed, en la joyer\u00eda, aunque ya he cumplido 70 a\u00f1os y mi intenci\u00f3n es ir dejando paso a mis hijos Santiago y Juan Pablo, que ya est\u00e1n al frente del negocio. Lo que m\u00e1s me gusta hacer para desconectar es el mar, navegar y andar. Tambi\u00e9n, pasar tiempo con mis ocho nietos.<\/p>\n<p>Gracias a Mar\u00eda de las Cuevas por la entrevista.<\/p>\n<p>&nbsp;<\/p>\n<p>&nbsp;<\/p>\n<p>&nbsp;<\/p>\n","protected":false},"excerpt":{"rendered":"<p>Entrevista a Juan Pablo Bannatyne propietario Joyer\u00eda Bannatyne<br \/>\nHoy queremos compartir con vosotros, la entrevista que han realizada a Juan Pablo Bannatyne en el Diario Monta\u00f1\u00e9s.<br \/>\nEn la que el propietarios de la joyer\u00eda habla de la esquina que formaban Presmanes y Mafor como referente en Santander y de las nuevas joyer\u00edas de Bannatyne en Santander y Madrid.<\/p>\n","protected":false},"author":1,"featured_media":546,"comment_status":"open","ping_status":"open","sticky":false,"template":"","format":"standard","meta":{"footnotes":""},"categories":[30],"tags":[24,26,28,32,34,36],"class_list":["post-1584","post","type-post","status-publish","format-standard","has-post-thumbnail","hentry","category-noticias","tag-alta-joyeria","tag-bannatyne-joyeros","tag-eldiariomontanes","tag-odette-alvarez","tag-presmanes","tag-santander"],"_links":{"self":[{"href":"https:\/\/bannatynejoyeros.com\/blog\/wp-json\/wp\/v2\/posts\/1584","targetHints":{"allow":["GET"]}}],"collection":[{"href":"https:\/\/bannatynejoyeros.com\/blog\/wp-json\/wp\/v2\/posts"}],"about":[{"href":"https:\/\/bannatynejoyeros.com\/blog\/wp-json\/wp\/v2\/types\/post"}],"author":[{"embeddable":true,"href":"https:\/\/bannatynejoyeros.com\/blog\/wp-json\/wp\/v2\/users\/1"}],"replies":[{"embeddable":true,"href":"https:\/\/bannatynejoyeros.com\/blog\/wp-json\/wp\/v2\/comments?post=1584"}],"version-history":[{"count":0,"href":"https:\/\/bannatynejoyeros.com\/blog\/wp-json\/wp\/v2\/posts\/1584\/revisions"}],"wp:attachment":[{"href":"https:\/\/bannatynejoyeros.com\/blog\/wp-json\/wp\/v2\/media?parent=1584"}],"wp:term":[{"taxonomy":"category","embeddable":true,"href":"https:\/\/bannatynejoyeros.com\/blog\/wp-json\/wp\/v2\/categories?post=1584"},{"taxonomy":"post_tag","embeddable":true,"href":"https:\/\/bannatynejoyeros.com\/blog\/wp-json\/wp\/v2\/tags?post=1584"}],"curies":[{"name":"wp","href":"https:\/\/api.w.org\/{rel}","templated":true}]}}