{"id":1596,"date":"2018-01-15T08:32:26","date_gmt":"2018-01-15T08:32:26","guid":{"rendered":"http:\/\/bannatynejoyeros.madeinsantander.net\/blog\/?p=1596"},"modified":"2021-06-08T07:26:38","modified_gmt":"2021-06-08T07:26:38","slug":"bannatyne-joyeros-ganadores-de-los-xii-premios-del-comercio-de-santander-2017","status":"publish","type":"post","link":"https:\/\/bannatynejoyeros.com\/blog\/bannatyne-joyeros-ganadores-de-los-xii-premios-del-comercio-de-santander-2017\/","title":{"rendered":"Bannatyne Joyeros ganadores de los XII Premios del Comercio de Santander 2017"},"content":{"rendered":"<h4>Bannatyne Joyeros\u200b, ganadores de los XII Premios del Comercio de Santander, con los que se nos\u00a0 reconoce la creatividad e innovaci\u00f3n en el sector, la rehabilitaci\u00f3n y transformaci\u00f3n de establecimientos, y la trayectoria comercial.<!--more--><\/h4>\n<p>Los galardones reconocen la creatividad e innovaci\u00f3n en el sector, la rehabilitaci\u00f3n y transformaci\u00f3n de establecimientos, y la trayectoria comercial.<\/p>\n<p>Nuestra\u00a0<strong>Joyer\u00eda Bannatyne<\/strong>\u00a0ha sido una de las premiadas\u00a0 con el\u00a0<strong>XII Premios del Comercio e innovaci\u00f3n en el sector<\/strong>, junto con La central y el comercio textil La Novedad.<\/p>\n<p>El concejal de Comercio y Mercados , Ram\u00f3n Saiz Bustillo, y el secretario general de Coercan, Gonzalo Cay\u00f3n, fueron los encargados de dar el premio en el Ayuntamiento de S<img fetchpriority=\"high\" decoding=\"async\" class=\"wp-image-554 alignright\" src=\"http:\/\/bannatynejoyeros.com\/wp-content\/uploads\/2018\/02\/COMERCIO2-6-kjyF-U50379091552qAE-624x385@Diario-Montanes-300x185.jpg\" alt=\"\" width=\"293\" height=\"181\" \/>antander.<\/p>\n<p>Los ganadores han sido seleccionados por un jurado formado por comerciantes y responsables de establecimientos premiados en anteriores ediciones, que han tenido que valorar las 86 candidaturas presentadas este a\u00f1o al certamen.<\/p>\n<p>Con este premio, el jurado reconoce la labor realizada por los arquitectos Ignacio Pereda P\u00e9rez y Jos\u00e9 Piris y su equipo,\u00a0<strong>conjugando lo nuevo con lo antiguo<\/strong>\u00a0y manteniendo una est\u00e9tica coherente.<\/p>\n<p>En la intervenci\u00f3n destaca, por ejemplo, el descubrimiento y restauraci\u00f3n de los pilares de piedra y vigas de madera antiguos o el uso de materiales como el lat\u00f3n rayado a mano, otorgando a los muebles un aspecto muy artesanal que se vincula directamente con el trabajo minucioso que se realiza en la joyer\u00eda.<\/p>\n","protected":false},"excerpt":{"rendered":"<p>Bannatyne Joyeros\u200b, ganadores de los XII Premios del Comercio de Santander, con los que se nos\u00a0 reconoce la creatividad e innovaci\u00f3n en el sector, la rehabilitaci\u00f3n y transformaci\u00f3n de establecimientos, y la trayectoria comercial.<\/p>\n","protected":false},"author":1,"featured_media":1598,"comment_status":"open","ping_status":"open","sticky":false,"template":"","format":"standard","meta":{"footnotes":""},"categories":[30],"tags":[38,26,40],"class_list":["post-1596","post","type-post","status-publish","format-standard","has-post-thumbnail","hentry","category-noticias","tag-ayuntamiento-de-santander-es","tag-bannatyne-joyeros","tag-premios-del-comercio-de-santander-es"],"_links":{"self":[{"href":"https:\/\/bannatynejoyeros.com\/blog\/wp-json\/wp\/v2\/posts\/1596","targetHints":{"allow":["GET"]}}],"collection":[{"href":"https:\/\/bannatynejoyeros.com\/blog\/wp-json\/wp\/v2\/posts"}],"about":[{"href":"https:\/\/bannatynejoyeros.com\/blog\/wp-json\/wp\/v2\/types\/post"}],"author":[{"embeddable":true,"href":"https:\/\/bannatynejoyeros.com\/blog\/wp-json\/wp\/v2\/users\/1"}],"replies":[{"embeddable":true,"href":"https:\/\/bannatynejoyeros.com\/blog\/wp-json\/wp\/v2\/comments?post=1596"}],"version-history":[{"count":1,"href":"https:\/\/bannatynejoyeros.com\/blog\/wp-json\/wp\/v2\/posts\/1596\/revisions"}],"predecessor-version":[{"id":1599,"href":"https:\/\/bannatynejoyeros.com\/blog\/wp-json\/wp\/v2\/posts\/1596\/revisions\/1599"}],"wp:featuredmedia":[{"embeddable":true,"href":"https:\/\/bannatynejoyeros.com\/blog\/wp-json\/wp\/v2\/media\/1598"}],"wp:attachment":[{"href":"https:\/\/bannatynejoyeros.com\/blog\/wp-json\/wp\/v2\/media?parent=1596"}],"wp:term":[{"taxonomy":"category","embeddable":true,"href":"https:\/\/bannatynejoyeros.com\/blog\/wp-json\/wp\/v2\/categories?post=1596"},{"taxonomy":"post_tag","embeddable":true,"href":"https:\/\/bannatynejoyeros.com\/blog\/wp-json\/wp\/v2\/tags?post=1596"}],"curies":[{"name":"wp","href":"https:\/\/api.w.org\/{rel}","templated":true}]}}